{"id":981,"date":"2023-04-17T21:16:44","date_gmt":"2023-04-17T21:16:44","guid":{"rendered":"https:\/\/www.tiez-jena.de\/?p=981"},"modified":"2026-04-30T15:38:19","modified_gmt":"2026-04-30T15:38:19","slug":"elementor-981","status":"publish","type":"post","link":"https:\/\/www.tiez-jena.de\/?p=981","title":{"rendered":"\u00d6ffnungszeiten"},"content":{"rendered":"\t\t<div data-elementor-type=\"wp-post\" data-elementor-id=\"981\" class=\"elementor elementor-981\">\n\t\t\t\t\t\t\t\t\t<section class=\"elementor-section elementor-top-section elementor-element elementor-element-cab3323 elementor-section-boxed elementor-section-height-default elementor-section-height-default wpr-particle-no wpr-jarallax-no wpr-parallax-no wpr-sticky-section-no\" data-id=\"cab3323\" data-element_type=\"section\">\n\t\t\t\t\t\t<div class=\"elementor-container elementor-column-gap-default\">\n\t\t\t\t\t<div class=\"elementor-column elementor-col-100 elementor-top-column elementor-element elementor-element-bdbc74b\" data-id=\"bdbc74b\" data-element_type=\"column\">\n\t\t\t<div class=\"elementor-widget-wrap elementor-element-populated\">\n\t\t\t\t\t\t\t\t<div class=\"elementor-element elementor-element-c320ee4 elementor-widget__width-initial elementor-widget elementor-widget-text-editor\" data-id=\"c320ee4\" data-element_type=\"widget\" data-widget_type=\"text-editor.default\">\n\t\t\t\t<div class=\"elementor-widget-container\">\n\t\t\t<style>\/*! elementor - v3.13.2 - 11-05-2023 *\/\n.elementor-widget-text-editor.elementor-drop-cap-view-stacked .elementor-drop-cap{background-color:#69727d;color:#fff}.elementor-widget-text-editor.elementor-drop-cap-view-framed .elementor-drop-cap{color:#69727d;border:3px solid;background-color:transparent}.elementor-widget-text-editor:not(.elementor-drop-cap-view-default) .elementor-drop-cap{margin-top:8px}.elementor-widget-text-editor:not(.elementor-drop-cap-view-default) .elementor-drop-cap-letter{width:1em;height:1em}.elementor-widget-text-editor .elementor-drop-cap{float:left;text-align:center;line-height:1;font-size:50px}.elementor-widget-text-editor .elementor-drop-cap-letter{display:inline-block}<\/style>\t\t\t\t<h2 style=\"text-align: center;\"><span style=\"color: #000000;\"><strong><span style=\"caret-color: #000000;\">AB 30. Mai 2026<\/span><span style=\"caret-color: #000000;\">\u00a0<\/span><\/strong><\/span><span style=\"color: #000000;\"><strong><span style=\"caret-color: #000000;\">von 18:00Uhr bis 22:30Uhr ge\u00f6ffnet.<\/span><\/strong><\/span><\/h2><div><span style=\"color: #000080;\"><strong>Schlie\u00dfzeiten:<\/strong><\/span><\/div><div>\u00a0<\/div><div><strong style=\"color: #000080;\">02.05. bis 23.05. (krankheitsbedingt geschlossen)<\/strong><\/div><div>\u00a0<\/div><div><p><span style=\"color: #000000;\">Vielen Dank f\u00fcr Ihr Interesse an unserem Restaurant. Es freut uns sehr, dass Sie uns besuchen m\u00f6chten.\u00a0<\/span><\/p><p><span style=\"color: #000000;\">Unser Restaurant hat jeden Sonnabend ab 18:00 Uhr ge\u00f6ffnet und bietet ein Men\u00fc und eine umfangreiche Weinkarte. Um sicherzustellen, dass Sie und Ihre G\u00e4ste einen angenehmen Abend bei uns verbringen, empfehlen wir Ihnen, rechtzeitig im Voraus einen Tisch zu reservieren.\u00a0<\/span><\/p><p><span style=\"color: #000000;\">Sollten Sie Allergien haben, lassen Sie es uns bitte bei der Reservierung, mindestens jedoch 24h im voraus wissen, damit wir Ihr Erlebnis so angenehm wie m\u00f6glich gestalten k\u00f6nnen.<\/span><\/p><p><span style=\"color: #000000;\">Um eine Reservierung vorzunehmen, kontaktieren Sie uns bitte telefonisch. Wir freuen uns darauf, Sie und Ihre G\u00e4ste bald bei uns willkommen zu hei\u00dfen und stehen Ihnen f\u00fcr weitere Fragen jederzeit zur Verf\u00fcgung.<\/span><\/p><p><span style=\"color: #000000;\">Mit besten Gr\u00fc\u00dfen, Ihr TIEZ.<\/span><\/p><\/div><h5><span style=\"color: #000000;\"><strong>Telefon: 0152 &#8211; 22764883<\/strong><\/span><\/h5><h5><span style=\"color: #000000;\">Reservierungen nehmen wir von <\/span><\/h5><h5><span style=\"color: #000000;\">Montag &#8211; Freitag 14:30Uhr &#8211; 18:00Uhr <\/span><\/h5><h5><span style=\"color: #000000;\">und Sonnabend bis 22:00Uhr\u00a0pers\u00f6nlich telefonisch entgegen.<\/span><\/h5><h5><span style=\"color: #000000;\">(SMS und WhatsApp werden <span style=\"text-decoration: underline;\"><span style=\"color: #ff0000; text-decoration: underline;\">nicht<\/span><\/span> ber\u00fccksichtigt und beantwortet.)<\/span><\/h5>\t\t\t\t\t\t<\/div>\n\t\t\t\t<\/div>\n\t\t\t\t\t<\/div>\n\t\t<\/div>\n\t\t\t\t\t\t\t<\/div>\n\t\t<\/section>\n\t\t\t\t\t\t\t<\/div>\n\t\t","protected":false},"excerpt":{"rendered":"<p>AB 30. Mai 2026\u00a0von 18:00Uhr bis 22:30Uhr ge\u00f6ffnet. Schlie\u00dfzeiten:\u00a002.05. bis 23.05. (krankheitsbedingt geschlossen)\u00a0 Vielen Dank f\u00fcr Ihr Interesse an unserem Restaurant. Es freut uns sehr, dass Sie uns besuchen m\u00f6chten.\u00a0 Unser Restaurant hat jeden Sonnabend ab 18:00 Uhr ge\u00f6ffnet und bietet ein Men\u00fc und eine umfangreiche Weinkarte. Um sicherzustellen, dass Sie und Ihre G\u00e4ste einen angenehmen Abend bei uns verbringen, empfehlen wir Ihnen, rechtzeitig im Voraus einen Tisch zu reservieren.\u00a0 Sollten Sie Allergien haben, lassen Sie es uns bitte bei der Reservierung, mindestens jedoch 24h im voraus wissen, damit wir Ihr Erlebnis so angenehm wie m\u00f6glich gestalten k\u00f6nnen. Um eine Reservierung vorzunehmen, kontaktieren Sie uns bitte telefonisch. Wir freuen uns darauf, Sie und Ihre G\u00e4ste bald bei uns willkommen zu hei\u00dfen und stehen Ihnen f\u00fcr weitere Fragen jederzeit zur Verf\u00fcgung. Mit besten Gr\u00fc\u00dfen, Ihr TIEZ. Telefon: 0152 &#8211; 22764883 Reservierungen nehmen wir von Montag &#8211; Freitag 14:30Uhr &#8211; 18:00Uhr und Sonnabend bis 22:00Uhr\u00a0pers\u00f6nlich telefonisch entgegen. (SMS und WhatsApp werden nicht ber\u00fccksichtigt und beantwortet.)<\/p>\n","protected":false},"author":1,"featured_media":1022,"comment_status":"closed","ping_status":"closed","sticky":false,"template":"","format":"standard","meta":[],"categories":[7],"tags":[],"acf":[],"_links":{"self":[{"href":"https:\/\/www.tiez-jena.de\/index.php?rest_route=\/wp\/v2\/posts\/981"}],"collection":[{"href":"https:\/\/www.tiez-jena.de\/index.php?rest_route=\/wp\/v2\/posts"}],"about":[{"href":"https:\/\/www.tiez-jena.de\/index.php?rest_route=\/wp\/v2\/types\/post"}],"author":[{"embeddable":true,"href":"https:\/\/www.tiez-jena.de\/index.php?rest_route=\/wp\/v2\/users\/1"}],"replies":[{"embeddable":true,"href":"https:\/\/www.tiez-jena.de\/index.php?rest_route=%2Fwp%2Fv2%2Fcomments&post=981"}],"version-history":[{"count":211,"href":"https:\/\/www.tiez-jena.de\/index.php?rest_route=\/wp\/v2\/posts\/981\/revisions"}],"predecessor-version":[{"id":1667,"href":"https:\/\/www.tiez-jena.de\/index.php?rest_route=\/wp\/v2\/posts\/981\/revisions\/1667"}],"wp:featuredmedia":[{"embeddable":true,"href":"https:\/\/www.tiez-jena.de\/index.php?rest_route=\/wp\/v2\/media\/1022"}],"wp:attachment":[{"href":"https:\/\/www.tiez-jena.de\/index.php?rest_route=%2Fwp%2Fv2%2Fmedia&parent=981"}],"wp:term":[{"taxonomy":"category","embeddable":true,"href":"https:\/\/www.tiez-jena.de\/index.php?rest_route=%2Fwp%2Fv2%2Fcategories&post=981"},{"taxonomy":"post_tag","embeddable":true,"href":"https:\/\/www.tiez-jena.de\/index.php?rest_route=%2Fwp%2Fv2%2Ftags&post=981"}],"curies":[{"name":"wp","href":"https:\/\/api.w.org\/{rel}","templated":true}]}}